{"id":1006,"date":"2016-11-20T21:14:37","date_gmt":"2016-11-20T20:14:37","guid":{"rendered":"http:\/\/mein-kuvasz.de\/?p=1006"},"modified":"2016-11-20T21:14:37","modified_gmt":"2016-11-20T20:14:37","slug":"besuch-2","status":"publish","type":"post","link":"https:\/\/mein-kuvasz.de\/?p=1006","title":{"rendered":"Besuch&#8230;."},"content":{"rendered":"<p>mit Kuvaszinteresse \ud83d\ude42<br \/>\nGestern hatten wir Besuch von einer netten Familie mit zwei Kindern, die sich f\u00fcr die Rasse interessiert und sich nun informieren wollte, wie das so ist mit einem Kuvasz.<\/p>\n<p>Das erste Erstaunen gab es nun schon, weil wir kein Haus haben. So ein Kuvasz muss doch st\u00e4ndig raus und f\u00fchlt sich da doch auch viel wohler. Ich erkl\u00e4rte das es bei uns nicht so ist und ich da auch nur aus meiner Erfahrung spreche, das unsere Hunde nie allein in den Garten wollen, sondern nur wenn wir auch drau\u00dfen sind.<br \/>\nDas die sooo wei\u00df sind, war auch ein kleines Wunder ;). Der Kuvasz ist nun mal selbstreinigend, das gilt aber nur f\u00fcr\u00b4s Fell, der Teppich kann dadurch schon mal aussehen wie eine Sandkiste und es knirscht so sch\u00f6n. W\u00e4nde werden gern auch mal mit Matschspritzern dekoriert, es sch\u00fcttelt sich ja auch viel besser drinnen.<br \/>\nMeine Hunde schlagen nicht an, wenn es klingelt. Wieso bellen die nicht?<br \/>\nM\u00fcssen sie nicht, ich bin ja da und werde das mit dem Besuch schon regeln.<\/p>\n<p>Wir waren erst mal eine Runde spazieren, da nahm ich nur Bellis mit und Fred kam mit Fiete dazu. Die Hunde hatten Spa\u00df und die Familie konnte die Kuvasz nun live und in Farbe sehen und erleben.<br \/>\n<img data-recalc-dims=\"1\" loading=\"lazy\" decoding=\"async\" class=\"alignnone wp-image-1007\" src=\"https:\/\/i0.wp.com\/mein-kuvasz.de\/wp-content\/uploads\/2016\/11\/IMG_0766.jpg?resize=410%2C273\" alt=\"img_0766\" width=\"410\" height=\"273\" srcset=\"https:\/\/i0.wp.com\/mein-kuvasz.de\/wp-content\/uploads\/2016\/11\/IMG_0766.jpg?w=700&amp;ssl=1 700w, https:\/\/i0.wp.com\/mein-kuvasz.de\/wp-content\/uploads\/2016\/11\/IMG_0766.jpg?resize=300%2C200&amp;ssl=1 300w\" sizes=\"auto, (max-width: 410px) 100vw, 410px\" \/><br \/>\n<img data-recalc-dims=\"1\" loading=\"lazy\" decoding=\"async\" class=\"alignnone wp-image-1008\" src=\"https:\/\/i0.wp.com\/mein-kuvasz.de\/wp-content\/uploads\/2016\/11\/IMG_0791.jpg?resize=410%2C273\" alt=\"img_0791\" width=\"410\" height=\"273\" srcset=\"https:\/\/i0.wp.com\/mein-kuvasz.de\/wp-content\/uploads\/2016\/11\/IMG_0791.jpg?w=700&amp;ssl=1 700w, https:\/\/i0.wp.com\/mein-kuvasz.de\/wp-content\/uploads\/2016\/11\/IMG_0791.jpg?resize=300%2C200&amp;ssl=1 300w\" sizes=\"auto, (max-width: 410px) 100vw, 410px\" \/><\/p>\n<p>Der Wachinstinkt wurde untersch\u00e4tzt, der Bewegungsdrang daf\u00fcr \u00fcbersch\u00e4tzt. Der Eigensinn und die Selbstst\u00e4ndigkeit der Rasse lies ,glaube ich, R\u00e4tsel offen.<br \/>\nIch hoffe ich konnte der Familie trotzdem einigerma\u00dfen vermitteln, worauf es beim Kuvasz ankommt und was man bitte alles bedenken sollte, damit das Zusammenleben nicht schon im ersten Jahr wieder endet. Vielen Dank an Fred der mich unterst\u00fctzte und\u00a0 seine Erfahrungen mit Fiete und seinen 6 Kindern zum Besten gab.<\/p>\n<p>Danach bin ich mit Fred samt Fiete, Ria &amp; Bellis noch eine sch\u00f6ne Runde gelaufen, so konnten sich meine Hunde auch wieder runter fahren, denn Besuch samt Kinder war auch f\u00fcr meine beiden nicht allt\u00e4glich.<\/p>\n","protected":false},"excerpt":{"rendered":"<p>mit Kuvaszinteresse \ud83d\ude42 Gestern hatten wir Besuch von einer netten Familie mit zwei Kindern, die sich f\u00fcr die Rasse interessiert und sich nun informieren wollte, wie das so ist mit einem Kuvasz. Das erste Erstaunen gab es nun schon, weil wir kein Haus haben. So ein Kuvasz muss doch st\u00e4ndig raus und f\u00fchlt sich da [&hellip;]<\/p>\n","protected":false},"author":1,"featured_media":0,"comment_status":"open","ping_status":"closed","sticky":false,"template":"","format":"standard","meta":{"jetpack_post_was_ever_published":false,"_jetpack_newsletter_access":"","_jetpack_dont_email_post_to_subs":false,"_jetpack_newsletter_tier_id":0,"_jetpack_memberships_contains_paywalled_content":false,"_jetpack_memberships_contains_paid_content":false,"footnotes":"","jetpack_publicize_message":"","jetpack_publicize_feature_enabled":true,"jetpack_social_post_already_shared":false,"jetpack_social_options":{"image_generator_settings":{"template":"highway","default_image_id":0,"font":"","enabled":false},"version":2}},"categories":[10,9,1],"tags":[],"class_list":["post-1006","post","type-post","status-publish","format-standard","hentry","category-alltag","category-hunde","category-neuigkeiten"],"jetpack_publicize_connections":[],"jetpack_featured_media_url":"","jetpack_likes_enabled":true,"jetpack_sharing_enabled":true,"_links":{"self":[{"href":"https:\/\/mein-kuvasz.de\/index.php?rest_route=\/wp\/v2\/posts\/1006","targetHints":{"allow":["GET"]}}],"collection":[{"href":"https:\/\/mein-kuvasz.de\/index.php?rest_route=\/wp\/v2\/posts"}],"about":[{"href":"https:\/\/mein-kuvasz.de\/index.php?rest_route=\/wp\/v2\/types\/post"}],"author":[{"embeddable":true,"href":"https:\/\/mein-kuvasz.de\/index.php?rest_route=\/wp\/v2\/users\/1"}],"replies":[{"embeddable":true,"href":"https:\/\/mein-kuvasz.de\/index.php?rest_route=%2Fwp%2Fv2%2Fcomments&post=1006"}],"version-history":[{"count":1,"href":"https:\/\/mein-kuvasz.de\/index.php?rest_route=\/wp\/v2\/posts\/1006\/revisions"}],"predecessor-version":[{"id":1009,"href":"https:\/\/mein-kuvasz.de\/index.php?rest_route=\/wp\/v2\/posts\/1006\/revisions\/1009"}],"wp:attachment":[{"href":"https:\/\/mein-kuvasz.de\/index.php?rest_route=%2Fwp%2Fv2%2Fmedia&parent=1006"}],"wp:term":[{"taxonomy":"category","embeddable":true,"href":"https:\/\/mein-kuvasz.de\/index.php?rest_route=%2Fwp%2Fv2%2Fcategories&post=1006"},{"taxonomy":"post_tag","embeddable":true,"href":"https:\/\/mein-kuvasz.de\/index.php?rest_route=%2Fwp%2Fv2%2Ftags&post=1006"}],"curies":[{"name":"wp","href":"https:\/\/api.w.org\/{rel}","templated":true}]}}